[{"@context":"https:\/\/schema.org\/","@type":"Article","@id":"https:\/\/www.capl.cz\/rodinny-automobil\/#Article","mainEntityOfPage":"https:\/\/www.capl.cz\/rodinny-automobil\/","headline":"Rodinn\u00fd automobil","name":"Rodinn\u00fd automobil","description":"V\u0161ichni v\u00edme a tak\u00e9 mi\u00a0v\u0161ichni d\u00e1te za pravdu, \u017ee automobil je opravdu hodn\u011b praktick\u00fd. J\u00e1 osobn\u011b bych se bez automobilu u\u017e neobe\u0161la. A to hlavn\u011b kv\u016fli tomu, \u017ee m\u00e1m\u00a0mal\u00e9 d\u011bti a tak\u00e9 sv\u00e9 d\u011bti mus\u00edm vozit do \u0161koly a do \u0161kolky. A\u00a0tak\u00e9 na krou\u017eky. Moji dva\u00a0synov\u00e9 maj\u00ed rad\u011bji fotbal, d\u011blaj\u00ed opravdu r\u00e1di sport. M\u016fj nejstar\u0161\u00ed [&hellip;]","datePublished":"2023-08-28","dateModified":"2024-06-28","author":{"@type":"Person","@id":"https:\/\/www.capl.cz\/author\/#Person","name":"","url":"https:\/\/www.capl.cz\/author\/","identifier":1,"image":{"@type":"ImageObject","@id":"https:\/\/secure.gravatar.com\/avatar\/4ae18345300f35922a2a7b2caa17564b68acab8514eff939a8a019efde378c24?s=96&d=mm&r=g","url":"https:\/\/secure.gravatar.com\/avatar\/4ae18345300f35922a2a7b2caa17564b68acab8514eff939a8a019efde378c24?s=96&d=mm&r=g","height":96,"width":96}},"publisher":{"@type":"Organization","name":"capl.cz","logo":{"@type":"ImageObject","@id":"\/logo.png","url":"\/logo.png","width":600,"height":60}},"image":{"@type":"ImageObject","@id":"https:\/\/www.capl.cz\/wp-content\/uploads\/mercedes-benz-1461676_1280.jpg","url":"https:\/\/www.capl.cz\/wp-content\/uploads\/mercedes-benz-1461676_1280.jpg","height":0,"width":0},"url":"https:\/\/www.capl.cz\/rodinny-automobil\/","about":["Auto"],"wordCount":412,"articleBody":"V\u0161ichni v\u00edme a tak\u00e9 mi\u00a0v\u0161ichni d\u00e1te za pravdu, \u017ee automobil je opravdu hodn\u011b praktick\u00fd. J\u00e1 osobn\u011b bych se bez automobilu u\u017e neobe\u0161la. A to hlavn\u011b kv\u016fli tomu, \u017ee m\u00e1m\u00a0mal\u00e9 d\u011bti a tak\u00e9 sv\u00e9 d\u011bti mus\u00edm vozit do \u0161koly a do \u0161kolky. A\u00a0tak\u00e9 na krou\u017eky. Moji dva\u00a0synov\u00e9 maj\u00ed rad\u011bji fotbal, d\u011blaj\u00ed opravdu r\u00e1di sport. M\u016fj nejstar\u0161\u00ed syn tak\u00e9 chod\u00ed na tenis a \u0159eknu v\u00e1m, \u017ee v tenis\u00a0je od na\u0161eho domu vzd\u00e1len\u00fd deset kilometr\u016f\u00a0a to znamen\u00e1, \u017ee na kole takhle mal\u00e9ho syna v\u016fbec nepust\u00edm samotn\u00e9ho. A\u00a0tak sv\u00e9ho syna na tenis voz\u00edm automobilem a jinak sv\u00e9 oba dva\u00a0syny je\u0161t\u011b z\u00e1rove\u0148 voz\u00edm na fotbal.Taky budu doufat, \u017ee i m\u016fj mlad\u0161\u00ed syn bude hr\u00e1t jednou tenis a \u017ee si tenis zamiluje. Proto\u017ee my sport m\u00e1me opravdu v\u0161ichni doma r\u00e1di. J\u00e1 jsem d\u0159\u00edve tak\u00e9 z\u00e1vodn\u011b plavala a tak\u00e9 b\u011bhala, ale potom, kdy\u017e u\u017e jsem m\u011bla dv\u011b\u00a0d\u011bti, tak jsem se na to vyka\u0161lala. Cht\u011bla jsem se naplno v\u011bnovat rodin\u011b a abychom byli v\u0161ichni spokojeni. Tak\u00e9\u00a0jsme si\u00a0po\u0159\u00eddili opravdu kr\u00e1sn\u00e9 a kvalitn\u00ed velk\u00e9 rodinn\u00e9 auto. Pov\u00edm v\u00e1m, \u017ee bez rodinn\u00e9ho automobilu bychom se u\u017e v\u016fbec neobe\u0161li. My toti\u017e s partnerem je\u0161t\u011b pl\u00e1nujeme t\u0159et\u00ed\u00a0d\u00edt\u011b a je logick\u00e9, \u017ee kdy\u017e je je\u0161t\u011b t\u0159et\u00ed\u00a0d\u00edt\u011b, \u017ee velk\u00e9 rodinn\u00e9 auto se jist\u011b vyplat\u00ed. Je to lep\u0161\u00ed ne\u017e m\u00edt n\u011bjak\u00fd mal\u00fd kabriolet.I kdy\u017e ano, kabriolet vypad\u00e1 opravdu hodn\u011b sexy a vypad\u00e1 to opravdu skv\u011ble na letn\u00ed dovolenou, ale uznejte, \u017ee tohle nen\u00ed praktick\u00e9. Vyplat\u00ed se to samoz\u0159ejm\u011b, pokud jste t\u0159eba u\u017e senio\u0159i, jste\u00a0jenom dva nebo nepl\u00e1nujete rodinu a m\u00e1te jenom mal\u00e9ho psa, tak tam samoz\u0159ejm\u011b bude sta\u010dit i n\u011bjak\u00e9 mal\u00e9 auto. Tohle ale u\u017e nech\u00e1m na v\u00e1s. Na v\u00e1s, jak vy se rozhodnete, ale j\u00e1 osobn\u011b bych doporu\u010dovala takov\u00fd automobil, abyste se tam ve\u0161li v\u0161ichni. Pokud t\u0159eba m\u00e1te \u0161est\u00a0d\u011bt\u00ed. Proto\u017ee \u010d\u00edm v\u00edce d\u011bt\u00ed, tak t\u00edm v\u00edc se zaberou m\u00edsta v automobilu. A jak\u00e9 auto m\u00e1te vy? Nebo m\u00e1te dokonce dv\u011b\u00a0auta v rodin\u011b?                                                                                                                                                                                                                                                                                                                                                                                        3.9\/5 - (7 votes)        "},{"@context":"https:\/\/schema.org\/","@type":"BreadcrumbList","itemListElement":[{"@type":"ListItem","position":1,"name":"Rodinn\u00fd automobil","item":"https:\/\/www.capl.cz\/rodinny-automobil\/#breadcrumbitem"}]}]