[{"@context":"https:\/\/schema.org\/","@type":"Article","@id":"https:\/\/www.capl.cz\/proc-je-mit-stale-doma\/#Article","mainEntityOfPage":"https:\/\/www.capl.cz\/proc-je-mit-stale-doma\/","headline":"Pro\u010d je m\u00edt st\u00e1le doma","name":"Pro\u010d je m\u00edt st\u00e1le doma","description":"Koronavirov\u00e1 pandemie ude\u0159ila v pln\u00e9 s\u00edle p\u0159ed \u010dty\u0159mi lety, ale v\u0161ichni si velice dob\u0159e pamatuj\u00ed jak b\u011bhem n\u00ed vl\u00e1dy v\u0161ech st\u00e1t\u016f zkou\u0161ely naj\u00edt zp\u016fsob, jak \u0161\u00ed\u0159en\u00ed nemoci zpomalit. \u0160lo o novou nemoc, kter\u00e1 zab\u00edjela mlad\u00e9 i star\u0161\u00ed lidi. Nikdo nev\u011bd\u011bl jak rychle se bude \u0161\u00ed\u0159it, jak\u00e9 n\u00e1sledky bude m\u00edt a jak ji l\u00e9\u010dit. A\u017e po [&hellip;]","datePublished":"2024-03-15","dateModified":"2024-04-16","author":{"@type":"Person","@id":"https:\/\/www.capl.cz\/author\/#Person","name":"","url":"https:\/\/www.capl.cz\/author\/","identifier":1,"image":{"@type":"ImageObject","@id":"https:\/\/secure.gravatar.com\/avatar\/4ae18345300f35922a2a7b2caa17564b68acab8514eff939a8a019efde378c24?s=96&d=mm&r=g","url":"https:\/\/secure.gravatar.com\/avatar\/4ae18345300f35922a2a7b2caa17564b68acab8514eff939a8a019efde378c24?s=96&d=mm&r=g","height":96,"width":96}},"publisher":{"@type":"Organization","name":"capl.cz","logo":{"@type":"ImageObject","@id":"\/logo.png","url":"\/logo.png","width":600,"height":60}},"image":{"@type":"ImageObject","@id":"https:\/\/www.capl.cz\/wp-content\/uploads\/covid-6517476_640_10_2.jpg","url":"https:\/\/www.capl.cz\/wp-content\/uploads\/covid-6517476_640_10_2.jpg","height":0,"width":0},"url":"https:\/\/www.capl.cz\/proc-je-mit-stale-doma\/","about":["V\u00fdrobky"],"wordCount":427,"articleBody":"   Koronavirov\u00e1 pandemie ude\u0159ila v pln\u00e9 s\u00edle p\u0159ed \u010dty\u0159mi lety, ale v\u0161ichni si velice dob\u0159e pamatuj\u00ed jak b\u011bhem n\u00ed vl\u00e1dy v\u0161ech st\u00e1t\u016f zkou\u0161ely naj\u00edt zp\u016fsob, jak \u0161\u00ed\u0159en\u00ed nemoci zpomalit. \u0160lo o novou nemoc, kter\u00e1 zab\u00edjela mlad\u00e9 i star\u0161\u00ed lidi. Nikdo nev\u011bd\u011bl jak rychle se bude \u0161\u00ed\u0159it, jak\u00e9 n\u00e1sledky bude m\u00edt a jak ji l\u00e9\u010dit. A\u017e po p\u00e1r m\u011bs\u00edc\u00edch se p\u0159i\u0161lo na to, \u017ee je to n\u011bco jako druh ch\u0159ipky. A ta je nebezpe\u010dn\u00e1 pro v\u0161echny, proto\u017ee sta\u010d\u00ed m\u00edt trochu oslaben\u00e9 t\u011blo a probl\u00e9m je na sv\u011bt\u011b. V z\u00e1jmu ochrany zdrav\u00ed a \u017eivot\u016f byli lid\u00e9 nuceni z\u016fst\u00e1vat doma v izolaci, a byl vyv\u00edjen tlak na v\u00fdvoj vakc\u00edn.Ne\u017e do\u0161lo k jejich uveden\u00ed na trh, muselo se n\u011bjak zkusit zda \u010dlov\u011bk m\u00e1 nebo nem\u00e1 nemoc v sob\u011b, aby se zpomalilo jej\u00ed \u0161\u00ed\u0159en\u00ed. A to se d\u011blalo pomoc\u00ed test\u016f. Existovaly dva druhy covid test\u016f:PCRAntigenn\u00edPCR testy se d\u011blaly jen v nemocnic\u00edch, a \u010dekalo se na n\u011b i n\u011bkolik dn\u00ed. Byly bolestiv\u00e9 a mnoho lid\u00ed se jim sna\u017eilo vyhnout jak jen to bylo mo\u017en\u00e9. A tak do\u0161lo k vyn\u00e1lezu ant\u00e9nn\u00edch test\u016f. Antigenn\u00ed testy jsou neinvazivn\u00ed, snadno se d\u011blaj\u00ed a v\u00fdsledek vid\u00edte hned. I kdy\u017e u\u017e ani tyto testy nejsou povinn\u00e9, nem\u011bli byste je podce\u0148ovat a m\u00edt je neust\u00e1le doma. I dnes v\u00e1m rychle a spolehliv\u011b \u0159eknou, zda n\u00e1hodou nem\u00e1te covid. A to se hod\u00ed v hlavn\u00ed vln\u011b respira\u010dn\u00edch nemoc\u00ed. P\u0159\u00edznaky covidu se \u010dasto daj\u00ed snadno spl\u00e9st s p\u0159\u00edznaky jin\u00fdch onemocn\u011bn\u00ed, s t\u00edm rozd\u00edlem, \u017ee covid m\u016f\u017ee b\u00fdt nebezpe\u010dn\u00fd s\u00e1m o sob\u011b pro v\u011bt\u0161\u00ed skupinu lid\u00ed.Pokud m\u00e1te t\u0159eba prarodi\u010de, m\u011bli byste se testovat p\u0159edt\u00edm ne\u017e se k nim vyd\u00e1te na n\u00e1v\u0161t\u011bvu. Tak je m\u016f\u017eete ochr\u00e1nit p\u0159ed onemocn\u011bn\u00edm, kter\u00e9 m\u00e1 i p\u0159es o\u010dkov\u00e1n\u00ed nejist\u00fd pr\u016fb\u011bh. D\u011blejme v\u0161ichni spole\u010dn\u011b v\u0161echno pro to, aby se u\u017e neopakovala situace v roce 2020. je to jednoduch\u00e9, levn\u00e9 a \u00fa\u010dinn\u00e9 \u0159e\u0161en\u00ed, kter\u00e9 m\u016f\u017ee pomoct odhalit nemoc je\u0161t\u011b ne\u017e poc\u00edt\u00edte prvn\u00ed p\u0159\u00edznaky, jako je bolest hlavy nebo r\u00fdma.                                                                                                                                                                                                                                                                                                                                                                                          4.6\/5 - (8 votes)        "},{"@context":"https:\/\/schema.org\/","@type":"BreadcrumbList","itemListElement":[{"@type":"ListItem","position":1,"name":"Pro\u010d je m\u00edt st\u00e1le doma","item":"https:\/\/www.capl.cz\/proc-je-mit-stale-doma\/#breadcrumbitem"}]}]