[{"@context":"https:\/\/schema.org\/","@type":"Article","@id":"https:\/\/www.capl.cz\/poznejte-svet-z-jine-perspektivy\/#Article","mainEntityOfPage":"https:\/\/www.capl.cz\/poznejte-svet-z-jine-perspektivy\/","headline":"Poznejte sv\u011bt z jin\u00e9 perspektivy","name":"Poznejte sv\u011bt z jin\u00e9 perspektivy","description":"Jestli\u017ee chcete vid\u011bt sv\u011bt z jin\u00e9ho \u00fahlu pohledu, a to doslova, tak mus\u00edte vyu\u017e\u00edt na\u0161\u00ed nab\u00eddky. O co se vlastn\u011b jedn\u00e1? O bazar, kter\u00fd nab\u00edz\u00ed \u0161irok\u00fd sortiment letadel pro Va\u0161e pot\u011b\u0161en\u00ed. V\u00e1\u0161 kon\u00ed\u010dek zvedneme o n\u011bkolik \u00farovn\u00ed v\u00fd\u0161e s na\u0161\u00edm jedine\u010dn\u00fdm z\u00e1kaznick\u00fdm servisem, skv\u011bl\u00fdmi cenami a geni\u00e1ln\u00edm d\u00edl\u010d\u00edm zpracov\u00e1n\u00edm jednotliv\u00fdch model\u016f. Sta\u010d\u00ed se zakoukat do [&hellip;]","datePublished":"2023-10-27","dateModified":"2023-10-27","author":{"@type":"Person","@id":"https:\/\/www.capl.cz\/author\/#Person","name":"","url":"https:\/\/www.capl.cz\/author\/","identifier":1,"image":{"@type":"ImageObject","@id":"https:\/\/secure.gravatar.com\/avatar\/4ae18345300f35922a2a7b2caa17564b68acab8514eff939a8a019efde378c24?s=96&d=mm&r=g","url":"https:\/\/secure.gravatar.com\/avatar\/4ae18345300f35922a2a7b2caa17564b68acab8514eff939a8a019efde378c24?s=96&d=mm&r=g","height":96,"width":96}},"publisher":{"@type":"Organization","name":"capl.cz","logo":{"@type":"ImageObject","@id":"\/logo.png","url":"\/logo.png","width":600,"height":60}},"url":"https:\/\/www.capl.cz\/poznejte-svet-z-jine-perspektivy\/","wordCount":240,"articleBody":"Jestli\u017ee chcete vid\u011bt sv\u011bt z jin\u00e9ho \u00fahlu pohledu, a to doslova, tak mus\u00edte vyu\u017e\u00edt na\u0161\u00ed nab\u00eddky. O co se vlastn\u011b jedn\u00e1? O bazar, kter\u00fd nab\u00edz\u00ed \u0161irok\u00fd sortiment letadel pro Va\u0161e pot\u011b\u0161en\u00ed. V\u00e1\u0161 kon\u00ed\u010dek zvedneme o n\u011bkolik \u00farovn\u00ed v\u00fd\u0161e s na\u0161\u00edm jedine\u010dn\u00fdm z\u00e1kaznick\u00fdm servisem, skv\u011bl\u00fdmi cenami a geni\u00e1ln\u00edm d\u00edl\u010d\u00edm zpracov\u00e1n\u00edm jednotliv\u00fdch model\u016f. Sta\u010d\u00ed se zakoukat do na\u0161\u00ed nab\u00eddky a vybrat si sv\u00e9ho favorita. Pot\u00e9 si m\u016f\u017eete u\u017e\u00edvat v\u00fdhledu z perspektivy pt\u00e1k\u016f a nebudete toho litovat. Pro v\u00edce informac\u00ed n\u00e1s nev\u00e1hejte obratem kontaktovat. T\u011b\u0161\u00edme se na V\u00e1s. Poznejte jin\u00fd sv\u011bt. Poznejte ho s n\u00e1mi.Pro ka\u017ed\u00e9ho z v\u00e1sVybere si ka\u017ed\u00fd. N\u00e1\u0161 bazar toti\u017e disponuje \u0161irokou nab\u00eddkou r\u016fzn\u00fdch model\u016f aeropl\u00e1n\u016f. M\u016f\u017eete si ov\u011b\u0159it, zdali V\u00e1m vyhovuje. V\u0161e p\u0159esn\u011b podle Va\u0161ich p\u0159edstav. Zjist\u00edte v\u00fdkon motor\u016f jednotliv\u00fdch stoj\u016f. Pozn\u00e1te v\u00fdbavu vnit\u0159n\u00ed kabiny. A mnohem v\u00edce. To v\u0161e V\u00e1m nab\u00edz\u00edme, pokud nav\u0161t\u00edv\u00edte n\u00e1\u0161 sortiment. Nemus\u00edte se ob\u00e1vat, \u017ee V\u00e1m nab\u00edz\u00edme zbo\u017e\u00ed, kter\u00e9 by bylo n\u011bjak\u00fdm zp\u016fsobem nekvalitn\u00ed \u010di neov\u011b\u0159en\u00e9. To nem\u00e1me v na\u0161\u00ed vizitce!                                                                                                                                                                                                                                                                                                                                                                                        4\/5 - (7 votes)        "},{"@context":"https:\/\/schema.org\/","@type":"BreadcrumbList","itemListElement":[{"@type":"ListItem","position":1,"name":"Poznejte sv\u011bt z jin\u00e9 perspektivy","item":"https:\/\/www.capl.cz\/poznejte-svet-z-jine-perspektivy\/#breadcrumbitem"}]}]