[{"@context":"https:\/\/schema.org\/","@type":"Article","@id":"https:\/\/www.capl.cz\/jezdete-bezpecne\/#Article","mainEntityOfPage":"https:\/\/www.capl.cz\/jezdete-bezpecne\/","headline":"Jezd\u011bte bezpe\u010dn\u011b","name":"Jezd\u011bte bezpe\u010dn\u011b","description":"Hodn&Auml;&#8250; lid&Atilde;&shy; m&Atilde;&iexcl; v dne&Aring;&iexcl;n&Atilde;&shy; dob&Auml;&#8250; automobil. Ale v&Auml;&#8250;d&Auml;&#8250;li jste t&Aring;&#8482;eba, &Aring;&frac34;e u&Aring;&frac34; i jedna rodina m&Atilde;&iexcl; t&Aring;&#8482;eba doma t&Aring;&#8482;i i v&Atilde;&shy;ce automobil&Aring;&macr;? Nev&Atilde;&shy;m jak vy, ale m&Auml;&#8250; tohle p&Aring;&#8482;ijde opravdu hodn&Auml;&#8250; zbyte&Auml;n&Atilde;&copy;. T&Aring;&#8482;eba nejv&Atilde;&shy;ce zbyte&Auml;n&Atilde;&copy; mi p&Aring;&#8482;ijde, t&Aring;&#8482;eba kdy&Aring;&frac34; jsou v rodin&Auml;&#8250; &Auml;ty&Aring;&#8482;i &Auml;lenov&Atilde;&copy; a v&Aring;&iexcl;ichni &Auml;ty&Aring;&#8482;i lid&Atilde;&copy; maj&Atilde;&shy; sv&Atilde;&copy; auto. Opravdu pak nev&Atilde;&shy;m, [&hellip;]","datePublished":"2022-12-30","dateModified":"2023-11-30","author":{"@type":"Person","@id":"https:\/\/www.capl.cz\/author\/#Person","name":"","url":"https:\/\/www.capl.cz\/author\/","identifier":1,"image":{"@type":"ImageObject","@id":"https:\/\/secure.gravatar.com\/avatar\/4ae18345300f35922a2a7b2caa17564b68acab8514eff939a8a019efde378c24?s=96&d=mm&r=g","url":"https:\/\/secure.gravatar.com\/avatar\/4ae18345300f35922a2a7b2caa17564b68acab8514eff939a8a019efde378c24?s=96&d=mm&r=g","height":96,"width":96}},"publisher":{"@type":"Organization","name":"capl.cz","logo":{"@type":"ImageObject","@id":"\/logo.png","url":"\/logo.png","width":600,"height":60}},"image":{"@type":"ImageObject","@id":"https:\/\/www.capl.cz\/wp-content\/uploads\/porsche-4795517_1280_2.jpg","url":"https:\/\/www.capl.cz\/wp-content\/uploads\/porsche-4795517_1280_2.jpg","height":0,"width":0},"url":"https:\/\/www.capl.cz\/jezdete-bezpecne\/","about":["Auto moto"],"wordCount":726,"articleBody":"Hodn&Auml;&#8250; lid&Atilde;&shy; m&Atilde;&iexcl; v dne&Aring;&iexcl;n&Atilde;&shy; dob&Auml;&#8250; automobil. Ale v&Auml;&#8250;d&Auml;&#8250;li jste t&Aring;&#8482;eba, &Aring;&frac34;e u&Aring;&frac34; i jedna rodina m&Atilde;&iexcl; t&Aring;&#8482;eba doma t&Aring;&#8482;i i v&Atilde;&shy;ce automobil&Aring;&macr;? Nev&Atilde;&shy;m jak vy, ale m&Auml;&#8250; tohle p&Aring;&#8482;ijde opravdu hodn&Auml;&#8250; zbyte&Auml;n&Atilde;&copy;. T&Aring;&#8482;eba nejv&Atilde;&shy;ce zbyte&Auml;n&Atilde;&copy; mi p&Aring;&#8482;ijde, t&Aring;&#8482;eba kdy&Aring;&frac34; jsou v rodin&Auml;&#8250; &Auml;ty&Aring;&#8482;i &Auml;lenov&Atilde;&copy; a v&Aring;&iexcl;ichni &Auml;ty&Aring;&#8482;i lid&Atilde;&copy; maj&Atilde;&shy; sv&Atilde;&copy; auto. Opravdu pak nev&Atilde;&shy;m, kde by t&Aring;&#8482;eba mohli v&Aring;&iexcl;ude parkovat. Dok&Atilde;&iexcl;&Aring;&frac34;ete si p&Aring;&#8482;edstavit, kdyby jste t&Aring;&#8482;eba bydleli v byt&Auml;&#8250; o velikosti t&Aring;&#8482;eba &Auml;ty&Aring;&#8482;i plus jedna a potom byste je&Aring;&iexcl;t&Auml;&#8250; museli hledat n&Auml;&#8250;jak&Atilde;&copy; m&Atilde;&shy;sto, kde byste parkovali auta?Podle m&Atilde;&copy;ho n&Atilde;&iexcl;zoru tohle mus&Atilde;&shy; b&Atilde;&frac12;t opravdu hodn&Auml;&#8250; slo&Aring;&frac34;it&Atilde;&copy; a tak&Atilde;&copy; n&Atilde;&iexcl;ro&Auml;n&Atilde;&copy;, proto jsem si &Aring;&#8482;ekla, &Aring;&frac34;e t&Aring;&#8482;eba na jednu rodinu, t&Aring;&#8482;eba kde jsou &Auml;ty&Aring;&#8482;i nebo p&Auml;&#8250;t lid&Atilde;&shy;, tak by v pohod&Auml;&#8250; sta&Auml;ila dv&Auml;&#8250; auta. J&Atilde;&iexcl; v&Atilde;&shy;m, &Aring;&frac34;e mnoho lid&Atilde;&shy; se mnou nebude souhlasit, &Aring;&frac34;e tohle je t&Aring;&#8482;eba nap&Aring;&#8482;&Atilde;&shy;klad &Atilde;&ordm;pln&Atilde;&iexcl; blbost, jenom&Aring;&frac34;e kdy&Aring;&frac34; to tak vezmete, tak finan&Auml;n&Auml;&#8250; se v&Atilde;&iexcl;m to nevyplat&Atilde;&shy;. V&Aring;&frac34;dy&Aring;&yen; mus&Atilde;&shy;te platit pojistku na automobil a tak podobn&Auml;&#8250; a dal&Aring;&iexcl;&Atilde;&shy; v&Atilde;&frac12;daje. To tak&Atilde;&copy; nemluv&Atilde;&shy;m o tom, &Aring;&frac34;e t&Aring;&#8482;eba kdy&Aring;&frac34; n&Auml;&#8250;kdo n&Auml;&#8250;kam pojede a bude potom pot&Aring;&#8482;ebovat n&Auml;&#8250;koho s sebou, tak ten druh&Atilde;&frac12; nebude moct jet, proto&Aring;&frac34;e on vlastn&Auml;&#8250; u&Aring;&frac34; bude m&Atilde;&shy;t automobil. Podle m&Auml;&#8250; tohle je docela takov&Atilde;&copy; hodn&Auml;&#8250; nepraktick&Atilde;&copy;.Sice samoz&Aring;&#8482;ejm&Auml;&#8250; zase ch&Atilde;&iexcl;pu, &Aring;&frac34;e t&Aring;&#8482;eba kdy&Aring;&frac34; je rodina a ka&Aring;&frac34;d&Atilde;&iexcl; bydl&Atilde;&shy; n&Auml;&#8250;kde jinde a rodina u&Aring;&frac34; ne&Aring;&frac34;ije pod jednou st&Aring;&#8482;echou, tak je potom logick&Atilde;&copy;, &Aring;&frac34;e t&Aring;&#8482;eba ta rodina bude cht&Atilde;&shy;t, aby m&Auml;&#8250;l ka&Aring;&frac34;d&Atilde;&frac12; svoje auto. P&Aring;&#8482;eci nebude n&Auml;&#8250;kdo jenom kv&Aring;&macr;li tomu, aby si u&Aring;&frac34; nepo&Aring;&#8482;&Atilde;&shy;dil nov&Atilde;&copy; auto, tak nebude p&Aring;&#8482;ece kv&Aring;&macr;li tomu jezdit autobusem a nebo vlakem. Nebude takhle jezdit, kdy&Aring;&frac34; t&Aring;&#8482;eba bude m&Atilde;&shy;t &Aring;&iexcl;anci m&Atilde;&shy;t automobil. Ov&Aring;&iexcl;em jsou tady ale zase lid&Atilde;&copy;, kte&Aring;&#8482;&Atilde;&shy; t&Aring;&#8482;eba by si moc p&Aring;&#8482;&Atilde;&iexcl;li m&Atilde;&shy;t automobil, ale zase nemohou. T&Aring;&#8482;eba na to v&Aring;&macr;bec nemaj&Atilde;&shy; finance a nebo nejsou zdravotn&Auml;&#8250; zp&Aring;&macr;sobil&Atilde;&shy; a nebo t&Aring;&#8482;eba ud&Auml;&#8250;lali n&Auml;&#8250;jak&Atilde;&frac12; v&Atilde;&iexcl;&Aring;&frac34;n&Atilde;&frac12; dopravn&Atilde;&shy; p&Aring;&#8482;estupek v automobilu a potom u&Aring;&frac34; nem&Aring;&macr;&Aring;&frac34;ou m&Atilde;&shy;t &Aring;&#8482;idi&Auml;sk&Atilde;&copy; opr&Atilde;&iexcl;vn&Auml;&#8250;n&Atilde;&shy;. A nebo ho t&Aring;&#8482;eba maj&Atilde;&shy; na dva nebo na t&Aring;&#8482;i roky omezen&Atilde;&frac12;.&Acirc;&nbsp;                                                                                                                                                                                                                                                                                                                                                                                        4.4\/5 - (5 votes)        "},{"@context":"https:\/\/schema.org\/","@type":"BreadcrumbList","itemListElement":[{"@type":"ListItem","position":1,"name":"Jezd\u011bte bezpe\u010dn\u011b","item":"https:\/\/www.capl.cz\/jezdete-bezpecne\/#breadcrumbitem"}]}]