[{"@context":"https:\/\/schema.org\/","@type":"Article","@id":"https:\/\/www.capl.cz\/jak-zijete-doma\/#Article","mainEntityOfPage":"https:\/\/www.capl.cz\/jak-zijete-doma\/","headline":"Jak \u017eijete doma?","name":"Jak \u017eijete doma?","description":"Mysl\u00edm si, \u017ee v\u0161ichni lid\u00e9 by m\u011bli m\u00edt takovou dom\u00e1cnost, aby se tam hlavn\u011b c\u00edtili skv\u011ble a v\u00a0pohod\u011b, proto\u017ee kdy\u017e lid\u00e9 maj\u00ed dom\u00e1cnost, kter\u00e1 je divok\u00e1 a \u010dlov\u011bk se tam nec\u00edt\u00ed skv\u011ble AV pohod\u011b, tak je to potom \u0161patn\u00e9. Kdy\u017e m\u00e1te \u0161patnou dom\u00e1cnost, tak potom tak\u00e9 m\u016f\u017eete trp\u011bt stresem anebo se v\u00e1m potom nemus\u00ed tak\u00e9 [&hellip;]","datePublished":"2024-01-26","dateModified":"2024-01-26","author":{"@type":"Person","@id":"https:\/\/www.capl.cz\/author\/#Person","name":"","url":"https:\/\/www.capl.cz\/author\/","identifier":1,"image":{"@type":"ImageObject","@id":"https:\/\/secure.gravatar.com\/avatar\/4ae18345300f35922a2a7b2caa17564b68acab8514eff939a8a019efde378c24?s=96&d=mm&r=g","url":"https:\/\/secure.gravatar.com\/avatar\/4ae18345300f35922a2a7b2caa17564b68acab8514eff939a8a019efde378c24?s=96&d=mm&r=g","height":96,"width":96}},"publisher":{"@type":"Organization","name":"capl.cz","logo":{"@type":"ImageObject","@id":"\/logo.png","url":"\/logo.png","width":600,"height":60}},"image":{"@type":"ImageObject","@id":"https:\/\/www.capl.cz\/wp-content\/uploads\/tableware-237798_1280_1.jpg","url":"https:\/\/www.capl.cz\/wp-content\/uploads\/tableware-237798_1280_1.jpg","height":0,"width":0},"url":"https:\/\/www.capl.cz\/jak-zijete-doma\/","about":["Dom\u00e1cnost"],"wordCount":416,"articleBody":"Mysl\u00edm si, \u017ee v\u0161ichni lid\u00e9 by m\u011bli m\u00edt takovou dom\u00e1cnost, aby se tam hlavn\u011b c\u00edtili skv\u011ble a v\u00a0pohod\u011b, proto\u017ee kdy\u017e lid\u00e9 maj\u00ed dom\u00e1cnost, kter\u00e1 je divok\u00e1 a \u010dlov\u011bk se tam nec\u00edt\u00ed skv\u011ble AV pohod\u011b, tak je to potom \u0161patn\u00e9. Kdy\u017e m\u00e1te \u0161patnou dom\u00e1cnost, tak potom tak\u00e9 m\u016f\u017eete trp\u011bt stresem anebo se v\u00e1m potom nemus\u00ed tak\u00e9 nic l\u00edbit, pokud chod\u00edte do \u0161koly a doma se v\u00e1m to nel\u00edb\u00ed? Tak\u00e9 m\u016f\u017eete m\u00edt potom, bohu\u017eel \u0161patn\u00e9 \u0161koln\u00ed v\u00fdsledky. A to samoz\u0159ejm\u011b asi nikdo nechce. Nikdo ur\u010dit\u011b tak\u00e9 nechce, aby potom v pr\u00e1ci to m\u011bl \u0161patn\u00e9. Kdy\u017e jste ve stresu, m\u016f\u017eete se tak\u00e9 s n\u011bk\u00fdm poh\u00e1dat. A to je potom velice nemil\u00e9. Hlavn\u011b, kdy\u017e se v dom\u00e1cnosti u v\u00e1s doma poh\u00e1d\u00e1te s n\u011bjak\u00fdm \u010dlenem rodiny, se kter\u00fdmi mus\u00edte \u017e\u00edt. Se kter\u00fdm vlastn\u011b \u017eijete pod jednou\u00a0st\u0159echou.\u00a0Tohle by se mi absolutn\u011b nel\u00edbilo. A pov\u00edm v\u00e1m, \u017ee mn\u011b se to stalo u\u017e tohle dvakr\u00e1t a u\u017e nikdy bych tohle necht\u011bla za\u017e\u00edt, proto\u017ee je to opravdu hrozn\u00e9. Moje kamar\u00e1dka dokonce \u0159\u00edkala, \u017ee \u017eije v dom\u00e1cnosti se svou kamar\u00e1dkou, kter\u00e1 p\u0159i\u0161la\u00a0o st\u0159echu nad hlavou. Ze za\u010d\u00e1tku se j\u00ed to l\u00edbilo, ale postupem \u010dasu pr\u00fd jej\u00ed kamar\u00e1dka se tam za\u010dala chovat \u00fapln\u011b jako doma a moje kamar\u00e1dka tohle nesnese. Moje kamar\u00e1dka sv\u00e9 kamar\u00e1dce cht\u011bla ud\u011blat opravdu dobrou slu\u017ebu a cht\u011bla ji vz\u00edt pod sv\u00e1 ochrann\u00e1 k\u0159\u00eddla a pod svou st\u0159echu, \u017ee budou m\u00edt dom\u00e1cnost tak tro\u0161ku dohromady. Ale moje kamar\u00e1dka si myslela, \u017ee jej\u00ed kamar\u00e1dka se tam bude chovat tak\u00e9 jako na n\u00e1v\u0161t\u011bv\u011b, a ne \u017ee se tam bude zv\u00e1t sv\u00e9 kamar\u00e1dy takov\u00e9 pochybn\u00e9 kamar\u00e1dy, kter\u00e9 moje kamar\u00e1dka ve sv\u00e9m domov\u011b necht\u011bla. Nakonec to dopadlo tak, \u017ee se moje kamar\u00e1dka poh\u00e1dala se svou kamar\u00e1dkou a potom je tak\u00e9 vyhodila. Abych se p\u0159iznala, tak j\u00e1 bych tak\u00e9 necht\u011bla m\u00edt v dom\u00e1cnosti n\u011bkoho, kdo je zadlu\u017een\u00fd anebo kdo tak\u00e9 u\u017e\u00edv\u00e1 n\u011bjak\u00e9 divn\u00e9 l\u00e1tky, kter\u00e9 jsou nez\u00e1konn\u00e9. M\u011b osobn\u011b by se tohle v\u016fbec nel\u00edbilo.\u00a0                                                                                                                                                                                                                                                                                                                                                                                        3.9\/5 - (10 votes)        "},{"@context":"https:\/\/schema.org\/","@type":"BreadcrumbList","itemListElement":[{"@type":"ListItem","position":1,"name":"Jak \u017eijete doma?","item":"https:\/\/www.capl.cz\/jak-zijete-doma\/#breadcrumbitem"}]}]