[{"@context":"https:\/\/schema.org\/","@type":"Article","@id":"https:\/\/www.capl.cz\/elektrikari-v-praze\/#Article","mainEntityOfPage":"https:\/\/www.capl.cz\/elektrikari-v-praze\/","headline":"Elektrik\u00e1\u0159i v Praze","name":"Elektrik\u00e1\u0159i v Praze","description":"Ka\u017ed\u00fd \u0159emesln\u00edk je v dne\u0161n\u00ed dob\u011b velice \u017e\u00e1dan\u00fd a je jedno, zda se jedn\u00e1 o elektrik\u00e1\u0159e, instalat\u00e9ra nebo pokr\u00fdva\u010de. V dne\u0161n\u00ed dob\u011b se toti\u017e mlad\u00ed lid\u00e9 v\u016fbec o \u0159emeslo nezaj\u00edmaj\u00ed a jedin\u00e9 co je bav\u00ed jsou soci\u00e1ln\u00ed s\u00edt\u011b. Ov\u0161em tyto d\u011bti v\u016fbec nev\u00ed, \u017ee je soci\u00e1ln\u00ed s\u00edt\u011b \u017eivit nebudou, a \u017ee jednou cht\u011b necht\u011b budou [&hellip;]","datePublished":"2023-10-23","dateModified":"2023-11-25","author":{"@type":"Person","@id":"https:\/\/www.capl.cz\/author\/#Person","name":"","url":"https:\/\/www.capl.cz\/author\/","identifier":1,"image":{"@type":"ImageObject","@id":"https:\/\/secure.gravatar.com\/avatar\/4ae18345300f35922a2a7b2caa17564b68acab8514eff939a8a019efde378c24?s=96&d=mm&r=g","url":"https:\/\/secure.gravatar.com\/avatar\/4ae18345300f35922a2a7b2caa17564b68acab8514eff939a8a019efde378c24?s=96&d=mm&r=g","height":96,"width":96}},"publisher":{"@type":"Organization","name":"capl.cz","logo":{"@type":"ImageObject","@id":"\/logo.png","url":"\/logo.png","width":600,"height":60}},"image":{"@type":"ImageObject","@id":"https:\/\/www.capl.cz\/wp-content\/uploads\/electrician-1080561_1280.jpg","url":"https:\/\/www.capl.cz\/wp-content\/uploads\/electrician-1080561_1280.jpg","height":0,"width":0},"url":"https:\/\/www.capl.cz\/elektrikari-v-praze\/","about":["Firmy"],"wordCount":402,"articleBody":"   Ka\u017ed\u00fd \u0159emesln\u00edk je v dne\u0161n\u00ed dob\u011b velice \u017e\u00e1dan\u00fd a je jedno, zda se jedn\u00e1 o elektrik\u00e1\u0159e, instalat\u00e9ra nebo pokr\u00fdva\u010de. V dne\u0161n\u00ed dob\u011b se toti\u017e mlad\u00ed lid\u00e9 v\u016fbec o \u0159emeslo nezaj\u00edmaj\u00ed a jedin\u00e9 co je bav\u00ed jsou soci\u00e1ln\u00ed s\u00edt\u011b. Ov\u0161em tyto d\u011bti v\u016fbec nev\u00ed, \u017ee je soci\u00e1ln\u00ed s\u00edt\u011b \u017eivit nebudou, a \u017ee jednou cht\u011b necht\u011b budou muset pracovat. Pokud jsou va\u0161e d\u011bti zru\u010dn\u00e9 a maj\u00ed sklon k n\u011bjak\u00e9mu \u0159emeslu, tak nev\u00e1hejte a p\u0159ihlaste je na tento obor. Rozhodn\u011b neud\u011bl\u00e1te chybu a oproti ostatn\u00edm co d\u011blaj\u00ed vysokou \u0161kolu se mnohem rychleji osamostatn\u00ed a za\u010dnou \u017e\u00edt vlastn\u00ed \u017eivot. Pokud se u v\u00e1s doma vyskytne z\u00e1vada v elektroinstalaci, tak nev\u00e1hejte a obra\u0165te se na elektrik\u00e1\u0159 Praha 4 Chodov, kde v\u00e1m poskytnou odbornou pomoc.Pr\u00e1v\u011b elektrik\u00e1\u0159i pat\u0159\u00ed k velice vyhled\u00e1van\u00e9mu \u0159emeslu, a to jak na slaboproud, tak na silnoproud. Nav\u00edc, pokud va\u0161e d\u00edt\u011b ud\u011bl\u00e1 elektrik\u00e1\u0159skou \u0161kolu, tak se nemus\u00ed b\u00e1t o pr\u00e1ci. Elektrik\u00e1\u0159\u016f je v dne\u0161n\u00ed dob\u011b nedostatek a s n\u00e1sleduj\u00edc\u00edmi roky tomu nebude jinak. To stejn\u00e9 plat\u00ed i u ostatn\u00edch \u0159emesel, kter\u00e9 pomalu, ale jist\u011b vym\u00edraj\u00ed. Nav\u00edc se tyto obory studuj\u00ed 3 roky a nebudou se tak zdr\u017eovat se zbyte\u010dn\u00fdmi roky nav\u00edc. Jen si vezm\u011bte, kolik lid\u00ed ud\u011blalo vysokou \u0161kolu a co d\u011blaj\u00ed dnes. V\u011bt\u0161ina t\u011bchto lid\u00ed sed\u00ed n\u011bkde na p\u0159ep\u00e1\u017ece a nic neum\u00ed. Jedin\u00e9, co maj\u00ed je n\u011bjak\u00fd titul, kter\u00fd nikoho nezaj\u00edm\u00e1 a ke v\u0161emu ztratili nespo\u010det let jej\u00edm studiem. Nav\u00edc je dobr\u00e9 se pod\u00edvat i na to, kolik si s vysoko\u0161kolsk\u00fdm diplomem vyd\u011blaj\u00ed. V mnoha ohledech je to mnohem m\u00e9n\u011b, ne\u017e je tomu u \u0159emesla. Nav\u00edc u \u0159emesla m\u016f\u017eete b\u00fdt sv\u00fdm p\u00e1nem a d\u011blat si pr\u00e1ci podle sebe a sv\u00e9ho \u010dasu. P\u0159i rozhodov\u00e1n\u00ed kam sv\u00e9 d\u00edt\u011b d\u00e1te na \u0161kolu, tak nezapome\u0148te na \u0159emeslo. Nejen, \u017ee m\u00e1 budoucnost, ale tak\u00e9 neztrat\u00ed spoustu let na vysok\u00e9 \u0161kole, kterou nemus\u00ed ve fin\u00e1le ani dod\u011blat. Proto nev\u00e1hejte a zkuste pr\u00e1v\u011b obor elektrik\u00e1\u0159 nebo instalat\u00e9r.                                                                                                                                                                                                                                                                                                                                                                                          3.3\/5 - (3 votes)        "},{"@context":"https:\/\/schema.org\/","@type":"BreadcrumbList","itemListElement":[{"@type":"ListItem","position":1,"name":"Elektrik\u00e1\u0159i v Praze","item":"https:\/\/www.capl.cz\/elektrikari-v-praze\/#breadcrumbitem"}]}]