{"@context":"https:\/\/schema.org\/","@type":"CollectionPage","@id":"https:\/\/www.capl.cz\/deti\/#CollectionPage","headline":"D\u011bti Category","description":"","url":"https:\/\/www.capl.cz\/deti\/","hasPart":[{"@type":"Article","@id":"https:\/\/www.capl.cz\/jak-zabavit-deti-doma\/","headline":"Jak zabavit d\u011bti doma?","url":"https:\/\/www.capl.cz\/jak-zabavit-deti-doma\/","datePublished":"2023-10-30","dateModified":"2024-01-02","mainEntityOfPage":"https:\/\/www.capl.cz\/jak-zabavit-deti-doma\/","author":{"@type":"Person","@id":"https:\/\/www.capl.cz\/author\/#Person","name":"","url":"https:\/\/www.capl.cz\/author\/","identifier":1,"image":{"@type":"ImageObject","@id":"https:\/\/secure.gravatar.com\/avatar\/4ae18345300f35922a2a7b2caa17564b68acab8514eff939a8a019efde378c24?s=96&d=mm&r=g","url":"https:\/\/secure.gravatar.com\/avatar\/4ae18345300f35922a2a7b2caa17564b68acab8514eff939a8a019efde378c24?s=96&d=mm&r=g","height":96,"width":96}},"publisher":{"@type":"Organization","name":"capl.cz","logo":{"@type":"ImageObject","@id":"\/logo.png","url":"\/logo.png","width":600,"height":60}},"image":{"@type":"ImageObject","@id":"https:\/\/www.capl.cz\/wp-content\/uploads\/pexels-amina-filkins-5560048_3.jpg","url":"https:\/\/www.capl.cz\/wp-content\/uploads\/pexels-amina-filkins-5560048_3.jpg","height":0,"width":0},"keywords":null},{"@type":"Article","@id":"https:\/\/www.capl.cz\/rodicovstvi-a-deti\/","headline":"Rodi\u010dovstv\u00ed a d\u011bti","url":"https:\/\/www.capl.cz\/rodicovstvi-a-deti\/","datePublished":"2023-05-26","dateModified":"2024-02-26","mainEntityOfPage":"https:\/\/www.capl.cz\/rodicovstvi-a-deti\/","author":{"@type":"Person","@id":"https:\/\/www.capl.cz\/author\/#Person","name":"","url":"https:\/\/www.capl.cz\/author\/","identifier":1,"image":{"@type":"ImageObject","@id":"https:\/\/secure.gravatar.com\/avatar\/4ae18345300f35922a2a7b2caa17564b68acab8514eff939a8a019efde378c24?s=96&d=mm&r=g","url":"https:\/\/secure.gravatar.com\/avatar\/4ae18345300f35922a2a7b2caa17564b68acab8514eff939a8a019efde378c24?s=96&d=mm&r=g","height":96,"width":96}},"publisher":{"@type":"Organization","name":"capl.cz","logo":{"@type":"ImageObject","@id":"\/logo.png","url":"\/logo.png","width":600,"height":60}},"image":{"@type":"ImageObject","@id":"https:\/\/www.capl.cz\/wp-content\/uploads\/soft-toy-2019032_1280.jpg","url":"https:\/\/www.capl.cz\/wp-content\/uploads\/soft-toy-2019032_1280.jpg","height":0,"width":0},"keywords":null},{"@type":"Article","@id":"https:\/\/www.capl.cz\/deti-je-treba-vest-k-pohybu-od-malicka-jak-dite-namotivovat-a-pohyb-mu-zprijemnit\/","headline":"D\u011bti je t\u0159eba v\u00e9st k pohybu od mali\u010dka &#8211; Jak d\u00edt\u011b namotivovat a pohyb mu zp\u0159\u00edjemnit?","url":"https:\/\/www.capl.cz\/deti-je-treba-vest-k-pohybu-od-malicka-jak-dite-namotivovat-a-pohyb-mu-zprijemnit\/","datePublished":"2022-12-30","dateModified":"2023-11-30","mainEntityOfPage":"https:\/\/www.capl.cz\/deti-je-treba-vest-k-pohybu-od-malicka-jak-dite-namotivovat-a-pohyb-mu-zprijemnit\/","author":{"@type":"Person","@id":"https:\/\/www.capl.cz\/author\/#Person","name":"","url":"https:\/\/www.capl.cz\/author\/","identifier":1,"image":{"@type":"ImageObject","@id":"https:\/\/secure.gravatar.com\/avatar\/4ae18345300f35922a2a7b2caa17564b68acab8514eff939a8a019efde378c24?s=96&d=mm&r=g","url":"https:\/\/secure.gravatar.com\/avatar\/4ae18345300f35922a2a7b2caa17564b68acab8514eff939a8a019efde378c24?s=96&d=mm&r=g","height":96,"width":96}},"publisher":{"@type":"Organization","name":"capl.cz","logo":{"@type":"ImageObject","@id":"\/logo.png","url":"\/logo.png","width":600,"height":60}},"image":{"@type":"ImageObject","@id":"https:\/\/www.capl.cz\/wp-content\/uploads\/pexels-photo-296301.jpeg","url":"https:\/\/www.capl.cz\/wp-content\/uploads\/pexels-photo-296301.jpeg","height":0,"width":0},"keywords":null}]}